
{"id":706,"date":"2019-09-25T14:46:42","date_gmt":"2019-09-25T12:46:42","guid":{"rendered":"https:\/\/www.carolefekete.com\/?p=706"},"modified":"2021-06-22T09:27:29","modified_gmt":"2021-06-22T07:27:29","slug":"au-revoir-photographes-dorigine-hongroise-en-france","status":"publish","type":"post","link":"https:\/\/www.carolefekete.com\/en\/2019\/09\/25\/au-revoir-photographes-dorigine-hongroise-en-france\/","title":{"rendered":"Au revoir \/ Photographes d\u2019origine hongroise en France"},"content":{"rendered":"<p style=\"font-size:14px\">Mus\u00e9e d\u2019histoire de Budapest \/ Ch\u00e2teau de Buda \/ Hall Baroque<\/p>\n\n\n\n<p>4 oct. 2019 &#8211; 5 janv. 2020<\/p>\n\n\n\n<div class=\"wp-block-group\"><div class=\"wp-block-group__inner-container is-layout-flow wp-block-group-is-layout-flow\">\n<ul class=\"wp-block-list\"><li>AAT\u00d3TH Frany\u00f3 | Alain FLEISCHER | Alexandre TRAUNER | Andr\u00e9 KERT\u00c9SZ | Andr\u00e9 STEINER | BARNA Anna | BERNAND-MANTEL B\u00e9la | BRASSA\u00cf | Carole F\u00c9K\u00c9T\u00c9 | CSEH Gabriella | DETVAY Jen\u0151 Eug\u00e8ne | \u00c9meric FEHER | Ergy LANDAU | Ervin MARTON | \u00c9tienne SVED | Fran\u00e7ois HAAR | Fran\u00e7ois KOLLAR | Ilka R\u00c9VAI |Josef NADJ | LABORI MESZ\u00d6LY Mikl\u00f3s | Lucien AIGNER | Lucien HERV\u00c9 | Nora DUMAS | Paul ALMASY | P\u00d6RNECZI B\u00e0lint | Robert CAPA | Rodolf HERV\u00c9 | Rogi ANDR\u00c9 | Rosie REY | SARKANTYU Ill\u00e9s | William KLEIN<\/li><\/ul>\n<\/div><\/div>","protected":false},"excerpt":{"rendered":"<p>04.10.2019 &#8211; 05.01.2020 I Mus\u00e9e d\u2019histoire de Budapest I Ch\u00e2teau de Buda, Hall Baroque<\/p>","protected":false},"author":1,"featured_media":733,"comment_status":"closed","ping_status":"closed","sticky":false,"template":"","format":"standard","meta":{"advanced_seo_description":"","jetpack_seo_html_title":"","jetpack_seo_noindex":false,"_jetpack_memberships_contains_paid_content":false,"footnotes":""},"categories":[1],"tags":[],"class_list":["post-706","post","type-post","status-publish","format-standard","has-post-thumbnail","hentry","category-actu"],"jetpack_featured_media_url":"https:\/\/www.carolefekete.com\/wp-content\/uploads\/2019\/09\/71703053_10157597487890682_3491362001337188352_n.jpeg","jetpack_sharing_enabled":true,"_links":{"self":[{"href":"https:\/\/www.carolefekete.com\/en\/wp-json\/wp\/v2\/posts\/706","targetHints":{"allow":["GET"]}}],"collection":[{"href":"https:\/\/www.carolefekete.com\/en\/wp-json\/wp\/v2\/posts"}],"about":[{"href":"https:\/\/www.carolefekete.com\/en\/wp-json\/wp\/v2\/types\/post"}],"author":[{"embeddable":true,"href":"https:\/\/www.carolefekete.com\/en\/wp-json\/wp\/v2\/users\/1"}],"replies":[{"embeddable":true,"href":"https:\/\/www.carolefekete.com\/en\/wp-json\/wp\/v2\/comments?post=706"}],"version-history":[{"count":10,"href":"https:\/\/www.carolefekete.com\/en\/wp-json\/wp\/v2\/posts\/706\/revisions"}],"predecessor-version":[{"id":1035,"href":"https:\/\/www.carolefekete.com\/en\/wp-json\/wp\/v2\/posts\/706\/revisions\/1035"}],"wp:featuredmedia":[{"embeddable":true,"href":"https:\/\/www.carolefekete.com\/en\/wp-json\/wp\/v2\/media\/733"}],"wp:attachment":[{"href":"https:\/\/www.carolefekete.com\/en\/wp-json\/wp\/v2\/media?parent=706"}],"wp:term":[{"taxonomy":"category","embeddable":true,"href":"https:\/\/www.carolefekete.com\/en\/wp-json\/wp\/v2\/categories?post=706"},{"taxonomy":"post_tag","embeddable":true,"href":"https:\/\/www.carolefekete.com\/en\/wp-json\/wp\/v2\/tags?post=706"}],"curies":[{"name":"wp","href":"https:\/\/api.w.org\/{rel}","templated":true}]}}